{"id":8857,"date":"2023-01-18T18:10:19","date_gmt":"2023-01-18T21:10:19","guid":{"rendered":"https:\/\/tiagolopes.com.br\/blog\/?p=8857"},"modified":"2023-04-26T11:57:42","modified_gmt":"2023-04-26T14:57:42","slug":"rua-sao-caetano-manequins","status":"publish","type":"post","link":"https:\/\/tiagolopes.com.br\/blog\/rua-sao-caetano-manequins\/","title":{"rendered":"Rua S\u00e3o Caetano, rua dos MANEQUINS em S\u00e3o Paulo"},"content":{"rendered":"\t\t<div data-elementor-type=\"wp-post\" data-elementor-id=\"8857\" class=\"elementor elementor-8857\" data-elementor-post-type=\"post\">\n\t\t\t\t\t\t<section class=\"elementor-section elementor-top-section elementor-element elementor-element-de30b57 elementor-section-boxed elementor-section-height-default elementor-section-height-default\" data-id=\"de30b57\" data-element_type=\"section\" data-e-type=\"section\">\n\t\t\t\t\t\t<div class=\"elementor-container elementor-column-gap-default\">\n\t\t\t\t\t<div class=\"elementor-column elementor-col-100 elementor-top-column elementor-element elementor-element-095c2c9\" data-id=\"095c2c9\" data-element_type=\"column\" data-e-type=\"column\">\n\t\t\t<div class=\"elementor-widget-wrap elementor-element-populated\">\n\t\t\t\t\t\t<div class=\"elementor-element elementor-element-0bee441 elementor-widget elementor-widget-text-editor\" data-id=\"0bee441\" data-element_type=\"widget\" data-e-type=\"widget\" data-widget_type=\"text-editor.default\">\n\t\t\t\t<div class=\"elementor-widget-container\">\n\t\t\t\t\t\t\t\t\t<h2>Rua S\u00e3o Caetano, rua dos MANEQUINS em S\u00e3o Paulo<\/h2><h3>Sabia que em S\u00e3o Paulo, na Rua S\u00e3o Caetano, voc\u00ea pode comprar manequins para loja?\u00a0<\/h3><p>Tem manequim feitos com v\u00e1rios materiais e diferentes modelos de corpos, mas se voc\u00ea precisa de um manequim com desenho especial, tem tamb\u00e9m. Voc\u00ea pode encontrar muitos tipos de manequim para sua loja na Rua S\u00e3o Caetano.<\/p>\t\t\t\t\t\t\t\t<\/div>\n\t\t\t\t<\/div>\n\t\t\t\t\t<\/div>\n\t\t<\/div>\n\t\t\t\t\t<\/div>\n\t\t<\/section>\n\t\t\t\t<section class=\"elementor-section elementor-top-section elementor-element elementor-element-b6b4f7c elementor-section-boxed elementor-section-height-default elementor-section-height-default\" data-id=\"b6b4f7c\" data-element_type=\"section\" data-e-type=\"section\">\n\t\t\t\t\t\t<div class=\"elementor-container elementor-column-gap-default\">\n\t\t\t\t\t<div class=\"elementor-column elementor-col-100 elementor-top-column elementor-element elementor-element-ad7f906\" data-id=\"ad7f906\" data-element_type=\"column\" data-e-type=\"column\">\n\t\t\t<div class=\"elementor-widget-wrap elementor-element-populated\">\n\t\t\t\t\t\t<div class=\"elementor-element elementor-element-132e074 elementor-widget elementor-widget-image\" data-id=\"132e074\" data-element_type=\"widget\" data-e-type=\"widget\" data-widget_type=\"image.default\">\n\t\t\t\t<div class=\"elementor-widget-container\">\n\t\t\t\t\t\t\t\t\t\t\t\t<figure class=\"wp-caption\">\n\t\t\t\t\t\t\t\t\t\t<img fetchpriority=\"high\" decoding=\"async\" width=\"800\" height=\"430\" src=\"https:\/\/tiagolopes.com.br\/blog\/wp-content\/uploads\/2022\/12\/tiago-lopes-rua-sao-caetano-manequins20-e1671735635644-1024x550.png\" class=\"attachment-large size-large wp-image-8877\" alt=\"rua s\u00e3o caetano\" srcset=\"https:\/\/tiagolopes.com.br\/blog\/wp-content\/uploads\/2022\/12\/tiago-lopes-rua-sao-caetano-manequins20-e1671735635644-1024x550.png 1024w, https:\/\/tiagolopes.com.br\/blog\/wp-content\/uploads\/2022\/12\/tiago-lopes-rua-sao-caetano-manequins20-e1671735635644-300x161.png 300w, https:\/\/tiagolopes.com.br\/blog\/wp-content\/uploads\/2022\/12\/tiago-lopes-rua-sao-caetano-manequins20-e1671735635644-768x413.png 768w, https:\/\/tiagolopes.com.br\/blog\/wp-content\/uploads\/2022\/12\/tiago-lopes-rua-sao-caetano-manequins20-e1671735635644.png 1273w\" sizes=\"(max-width: 800px) 100vw, 800px\" title=\"\">\t\t\t\t\t\t\t\t\t\t\t<figcaption class=\"widget-image-caption wp-caption-text\">Foto: Tiago Lopes em loja da Rua S\u00e3o Caetano<\/figcaption>\n\t\t\t\t\t\t\t\t\t\t<\/figure>\n\t\t\t\t\t\t\t\t\t<\/div>\n\t\t\t\t<\/div>\n\t\t\t\t\t<\/div>\n\t\t<\/div>\n\t\t\t\t\t<\/div>\n\t\t<\/section>\n\t\t\t\t<section class=\"elementor-section elementor-top-section elementor-element elementor-element-f03466c elementor-section-boxed elementor-section-height-default elementor-section-height-default\" data-id=\"f03466c\" data-element_type=\"section\" data-e-type=\"section\">\n\t\t\t\t\t\t<div class=\"elementor-container elementor-column-gap-default\">\n\t\t\t\t\t<div class=\"elementor-column elementor-col-100 elementor-top-column elementor-element elementor-element-3c5b416\" data-id=\"3c5b416\" data-element_type=\"column\" data-e-type=\"column\">\n\t\t\t<div class=\"elementor-widget-wrap elementor-element-populated\">\n\t\t\t\t\t\t<div class=\"elementor-element elementor-element-7d91127 elementor-widget elementor-widget-text-editor\" data-id=\"7d91127\" data-element_type=\"widget\" data-e-type=\"widget\" data-widget_type=\"text-editor.default\">\n\t\t\t\t<div class=\"elementor-widget-container\">\n\t\t\t\t\t\t\t\t\t<h3>Para\u00edso dos Manequins<\/h3><p>Encontrei uma loja cheia de manequins para voc\u00ea escolher o formato que quiser: a <a href=\"https:\/\/paraisodosmanequins.com.br\/\" target=\"_blank\" rel=\"noopener\">Para\u00edso dos Manequins.<\/a><\/p><p>Bustos de manequins para costurar, manequins<strong> infantis, adolescentes e adultos<\/strong>. Aqui tamb\u00e9m tem manequins de peda\u00e7os do corpo humano para quem vende por exemplo: cal\u00e7as e sapatos.<\/p><p>Tem corpinho de tecido com membros em madeira. Manequins de polietileno de v\u00e1rias cores: <strong>prateado, dourado, colorido e fosco<\/strong>.<\/p><p>Voc\u00ea tamb\u00e9m pode escolher uma <strong>face pintada para seu manequim<\/strong>. Vi manequins para expor roupas de gr\u00e1vidas e gordinhos.<\/p>\t\t\t\t\t\t\t\t<\/div>\n\t\t\t\t<\/div>\n\t\t\t\t\t<\/div>\n\t\t<\/div>\n\t\t\t\t\t<\/div>\n\t\t<\/section>\n\t\t\t\t<section class=\"elementor-section elementor-top-section elementor-element elementor-element-28f1227 elementor-section-boxed elementor-section-height-default elementor-section-height-default\" data-id=\"28f1227\" data-element_type=\"section\" data-e-type=\"section\">\n\t\t\t\t\t\t<div class=\"elementor-container elementor-column-gap-default\">\n\t\t\t\t\t<div class=\"elementor-column elementor-col-100 elementor-top-column elementor-element elementor-element-a323b12\" data-id=\"a323b12\" data-element_type=\"column\" data-e-type=\"column\">\n\t\t\t<div class=\"elementor-widget-wrap elementor-element-populated\">\n\t\t\t\t\t\t<div class=\"elementor-element elementor-element-ec7a6f8 elementor-widget elementor-widget-image\" data-id=\"ec7a6f8\" data-element_type=\"widget\" data-e-type=\"widget\" data-widget_type=\"image.default\">\n\t\t\t\t<div class=\"elementor-widget-container\">\n\t\t\t\t\t\t\t\t\t\t\t\t<figure class=\"wp-caption\">\n\t\t\t\t\t\t\t\t\t\t<img decoding=\"async\" width=\"800\" height=\"424\" src=\"https:\/\/tiagolopes.com.br\/blog\/wp-content\/uploads\/2022\/12\/tiago-lopes-rua-sao-caetano-manequins10-e1674072480201-1024x543.png\" class=\"attachment-large size-large wp-image-8867\" alt=\"rua dos manequins\" srcset=\"https:\/\/tiagolopes.com.br\/blog\/wp-content\/uploads\/2022\/12\/tiago-lopes-rua-sao-caetano-manequins10-e1674072480201-1024x543.png 1024w, https:\/\/tiagolopes.com.br\/blog\/wp-content\/uploads\/2022\/12\/tiago-lopes-rua-sao-caetano-manequins10-e1674072480201-300x159.png 300w, https:\/\/tiagolopes.com.br\/blog\/wp-content\/uploads\/2022\/12\/tiago-lopes-rua-sao-caetano-manequins10-e1674072480201-768x407.png 768w, https:\/\/tiagolopes.com.br\/blog\/wp-content\/uploads\/2022\/12\/tiago-lopes-rua-sao-caetano-manequins10-e1674072480201.png 1267w\" sizes=\"(max-width: 800px) 100vw, 800px\" title=\"\">\t\t\t\t\t\t\t\t\t\t\t<figcaption class=\"widget-image-caption wp-caption-text\">Foto: Manequim infantil na Rua da Cantareira<\/figcaption>\n\t\t\t\t\t\t\t\t\t\t<\/figure>\n\t\t\t\t\t\t\t\t\t<\/div>\n\t\t\t\t<\/div>\n\t\t\t\t\t<\/div>\n\t\t<\/div>\n\t\t\t\t\t<\/div>\n\t\t<\/section>\n\t\t\t\t<section class=\"elementor-section elementor-top-section elementor-element elementor-element-f9c43a5 elementor-section-boxed elementor-section-height-default elementor-section-height-default\" data-id=\"f9c43a5\" data-element_type=\"section\" data-e-type=\"section\">\n\t\t\t\t\t\t<div class=\"elementor-container elementor-column-gap-default\">\n\t\t\t\t\t<div class=\"elementor-column elementor-col-100 elementor-top-column elementor-element elementor-element-ed457c9\" data-id=\"ed457c9\" data-element_type=\"column\" data-e-type=\"column\">\n\t\t\t<div class=\"elementor-widget-wrap elementor-element-populated\">\n\t\t\t\t\t\t<div class=\"elementor-element elementor-element-bb523b5 elementor-widget elementor-widget-text-editor\" data-id=\"bb523b5\" data-element_type=\"widget\" data-e-type=\"widget\" data-widget_type=\"text-editor.default\">\n\t\t\t\t<div class=\"elementor-widget-container\">\n\t\t\t\t\t\t\t\t\t<h3>Dica para quem vai na Rua dos Manequins<\/h3><p>Prefira investir em um <strong>manequim de polietileno<\/strong>, pois a fibra \u00e9 um material que est\u00e1 caindo em desuso, pois os manteriais em fibra quebram muito mais facilmente comparado ao polietileno.<\/p><p>Agora voc\u00ea j\u00e1 sabe essa dica de durabilidade!<\/p><h3>Cabides para roupas<\/h3><p>Essa loja tamb\u00e9m tem muitos tipos e formatos de cabides. Muita op\u00e7\u00e3o para voc\u00ea escolher <strong>o melhor cabide para colocar na arara da sua loja<\/strong> e deixar seu produto mais bonito para o seu cliente.<\/p>\t\t\t\t\t\t\t\t<\/div>\n\t\t\t\t<\/div>\n\t\t\t\t\t<\/div>\n\t\t<\/div>\n\t\t\t\t\t<\/div>\n\t\t<\/section>\n\t\t\t\t<section class=\"elementor-section elementor-top-section elementor-element elementor-element-7ed563e elementor-section-boxed elementor-section-height-default elementor-section-height-default\" data-id=\"7ed563e\" data-element_type=\"section\" data-e-type=\"section\">\n\t\t\t\t\t\t<div class=\"elementor-container elementor-column-gap-default\">\n\t\t\t\t\t<div class=\"elementor-column elementor-col-100 elementor-top-column elementor-element elementor-element-a8a62bb\" data-id=\"a8a62bb\" data-element_type=\"column\" data-e-type=\"column\">\n\t\t\t<div class=\"elementor-widget-wrap elementor-element-populated\">\n\t\t\t\t\t\t<div class=\"elementor-element elementor-element-835ea38 elementor-widget elementor-widget-image\" data-id=\"835ea38\" data-element_type=\"widget\" data-e-type=\"widget\" data-widget_type=\"image.default\">\n\t\t\t\t<div class=\"elementor-widget-container\">\n\t\t\t\t\t\t\t\t\t\t\t\t<figure class=\"wp-caption\">\n\t\t\t\t\t\t\t\t\t\t\t<a href=\"https:\/\/paraisodosmanequins.com.br\/\" target=\"_blank\" rel=\"noopener\">\n\t\t\t\t\t\t\t<img decoding=\"async\" width=\"800\" height=\"441\" src=\"https:\/\/tiagolopes.com.br\/blog\/wp-content\/uploads\/2022\/12\/tiago-lopes-rua-sao-caetano-manequins8-e1674071527995-1024x564.png\" class=\"attachment-large size-large wp-image-8865\" alt=\"rua dos manequins\" srcset=\"https:\/\/tiagolopes.com.br\/blog\/wp-content\/uploads\/2022\/12\/tiago-lopes-rua-sao-caetano-manequins8-e1674071527995-1024x564.png 1024w, https:\/\/tiagolopes.com.br\/blog\/wp-content\/uploads\/2022\/12\/tiago-lopes-rua-sao-caetano-manequins8-e1674071527995-300x165.png 300w, https:\/\/tiagolopes.com.br\/blog\/wp-content\/uploads\/2022\/12\/tiago-lopes-rua-sao-caetano-manequins8-e1674071527995-768x423.png 768w, https:\/\/tiagolopes.com.br\/blog\/wp-content\/uploads\/2022\/12\/tiago-lopes-rua-sao-caetano-manequins8-e1674071527995.png 1254w\" sizes=\"(max-width: 800px) 100vw, 800px\" title=\"\">\t\t\t\t\t\t\t\t<\/a>\n\t\t\t\t\t\t\t\t\t\t\t<figcaption class=\"widget-image-caption wp-caption-text\">Foto: Manequim de polietileno na Rua dos Manequins<\/figcaption>\n\t\t\t\t\t\t\t\t\t\t<\/figure>\n\t\t\t\t\t\t\t\t\t<\/div>\n\t\t\t\t<\/div>\n\t\t\t\t\t<\/div>\n\t\t<\/div>\n\t\t\t\t\t<\/div>\n\t\t<\/section>\n\t\t\t\t<section class=\"elementor-section elementor-top-section elementor-element elementor-element-f8aafee elementor-section-boxed elementor-section-height-default elementor-section-height-default\" data-id=\"f8aafee\" data-element_type=\"section\" data-e-type=\"section\">\n\t\t\t\t\t\t<div class=\"elementor-container elementor-column-gap-default\">\n\t\t\t\t\t<div class=\"elementor-column elementor-col-100 elementor-top-column elementor-element elementor-element-279e88f\" data-id=\"279e88f\" data-element_type=\"column\" data-e-type=\"column\">\n\t\t\t<div class=\"elementor-widget-wrap elementor-element-populated\">\n\t\t\t\t\t\t<div class=\"elementor-element elementor-element-cc05642 elementor-widget elementor-widget-text-editor\" data-id=\"cc05642\" data-element_type=\"widget\" data-e-type=\"widget\" data-widget_type=\"text-editor.default\">\n\t\t\t\t<div class=\"elementor-widget-container\">\n\t\t\t\t\t\t\t\t\t<h3>Manequins sob encomenda<\/h3><p>Essa \u00e9 uma loja que existe h\u00e1 mais de 10 anos aqui neste lugar. Aqui, voc\u00ea manda fazer o <strong>manequim que quiser<\/strong> se encomendar antes!<\/p><p>Eu j\u00e1 estive nessa loja antes e adorei os manequins de super-her\u00f3is: Hulk, Homem Aranha, Capit\u00e3o Am\u00e9rica ou o seu <strong>personagem favorito<\/strong>!<\/p><p>Aqui na <a href=\"https:\/\/www.modeloja.com.br\/\" target=\"_blank\" rel=\"nofollow noopener\">Modeloja<\/a> voc\u00ea encontra manequins em madre-p\u00e9rola lind\u00edssimos. Quer manequim com cabelo? <strong>Bota uma peruca nele!<\/strong><\/p><p>Adorei os manequins com corpos da vida real para as pessoas se sentirem representadas porque tem manequim com<strong> corpo como ele \u00e9 de verdade!<\/strong> Eu achei muito legal!<\/p>\t\t\t\t\t\t\t\t<\/div>\n\t\t\t\t<\/div>\n\t\t\t\t\t<\/div>\n\t\t<\/div>\n\t\t\t\t\t<\/div>\n\t\t<\/section>\n\t\t\t\t<section class=\"elementor-section elementor-top-section elementor-element elementor-element-e6c525d elementor-section-boxed elementor-section-height-default elementor-section-height-default\" data-id=\"e6c525d\" data-element_type=\"section\" data-e-type=\"section\">\n\t\t\t\t\t\t<div class=\"elementor-container elementor-column-gap-default\">\n\t\t\t\t\t<div class=\"elementor-column elementor-col-100 elementor-top-column elementor-element elementor-element-3b5b058\" data-id=\"3b5b058\" data-element_type=\"column\" data-e-type=\"column\">\n\t\t\t<div class=\"elementor-widget-wrap elementor-element-populated\">\n\t\t\t\t\t\t<div class=\"elementor-element elementor-element-f7d065f elementor-widget elementor-widget-image\" data-id=\"f7d065f\" data-element_type=\"widget\" data-e-type=\"widget\" data-widget_type=\"image.default\">\n\t\t\t\t<div class=\"elementor-widget-container\">\n\t\t\t\t\t\t\t\t\t\t\t\t<figure class=\"wp-caption\">\n\t\t\t\t\t\t\t\t\t\t\t<a href=\"https:\/\/www.modeloja.com.br\/\" target=\"_blank\" rel=\"nofollow noopener\">\n\t\t\t\t\t\t\t<img loading=\"lazy\" decoding=\"async\" width=\"800\" height=\"425\" src=\"https:\/\/tiagolopes.com.br\/blog\/wp-content\/uploads\/2022\/12\/tiago-lopes-rua-sao-caetano-manequins11-e1674072244458-1024x544.png\" class=\"attachment-large size-large wp-image-8868\" alt=\"rua dos manequins\" srcset=\"https:\/\/tiagolopes.com.br\/blog\/wp-content\/uploads\/2022\/12\/tiago-lopes-rua-sao-caetano-manequins11-e1674072244458-1024x544.png 1024w, https:\/\/tiagolopes.com.br\/blog\/wp-content\/uploads\/2022\/12\/tiago-lopes-rua-sao-caetano-manequins11-e1674072244458-300x159.png 300w, https:\/\/tiagolopes.com.br\/blog\/wp-content\/uploads\/2022\/12\/tiago-lopes-rua-sao-caetano-manequins11-e1674072244458-768x408.png 768w, https:\/\/tiagolopes.com.br\/blog\/wp-content\/uploads\/2022\/12\/tiago-lopes-rua-sao-caetano-manequins11-e1674072244458.png 1257w\" sizes=\"(max-width: 800px) 100vw, 800px\" title=\"\">\t\t\t\t\t\t\t\t<\/a>\n\t\t\t\t\t\t\t\t\t\t\t<figcaption class=\"widget-image-caption wp-caption-text\">Foto: Manequins de super-her\u00f3is na Rua dos Manequins<\/figcaption>\n\t\t\t\t\t\t\t\t\t\t<\/figure>\n\t\t\t\t\t\t\t\t\t<\/div>\n\t\t\t\t<\/div>\n\t\t\t\t\t<\/div>\n\t\t<\/div>\n\t\t\t\t\t<\/div>\n\t\t<\/section>\n\t\t\t\t<section class=\"elementor-section elementor-top-section elementor-element elementor-element-722a5cb elementor-section-boxed elementor-section-height-default elementor-section-height-default\" data-id=\"722a5cb\" data-element_type=\"section\" data-e-type=\"section\">\n\t\t\t\t\t\t<div class=\"elementor-container elementor-column-gap-default\">\n\t\t\t\t\t<div class=\"elementor-column elementor-col-100 elementor-top-column elementor-element elementor-element-c9a0d10\" data-id=\"c9a0d10\" data-element_type=\"column\" data-e-type=\"column\">\n\t\t\t<div class=\"elementor-widget-wrap elementor-element-populated\">\n\t\t\t\t\t\t<div class=\"elementor-element elementor-element-11dc68f elementor-widget elementor-widget-text-editor\" data-id=\"11dc68f\" data-element_type=\"widget\" data-e-type=\"widget\" data-widget_type=\"text-editor.default\">\n\t\t\t\t<div class=\"elementor-widget-container\">\n\t\t\t\t\t\t\t\t\t<h3>A&amp;S Expositores<\/h3><p><strong>A loja <a href=\"https:\/\/www.aesexpositores.com.br\/\" target=\"_blank\" rel=\"noopener\">A&amp;S Expositores<\/a> \u00e9 bem<\/strong> completa e encontrei manequins infantis, meia perna + p\u00e9 (para quem vende meias e sapatos por exemplo), somente a cabe\u00e7a (para colocar bon\u00e9s e chap\u00e9us, por exemplo).<\/p><p>Vi uma grande variedade em manequins de polietileno e bustos PVC. <strong>Modelos tradicionais, pluz size, gr\u00e1vidas, beb\u00eas, crian\u00e7as e adolescentes.<\/strong><\/p><p>A loja tamb\u00e9m tem <strong>acess\u00f3rios para sua loja<\/strong> como cabides, plaquinhas acr\u00edlicas para indica\u00e7\u00e3o de pre\u00e7os ou recados e decora\u00e7\u00e3o para sua loja tamb\u00e9m como uma ta\u00e7a acr\u00edlica gigante para colocar bebidas ou aquelas pe\u00e7as em promo\u00e7\u00e3o.<\/p><p>Muitas op\u00e7\u00f5es de araras de loja com rod\u00edzio ou modelos mais fixos, tem <strong>um lado inteiro da loja<\/strong> com araras, provador e prateleiras para deixar sua loja incr\u00edvel e <strong>vender muito!<\/strong><\/p>\t\t\t\t\t\t\t\t<\/div>\n\t\t\t\t<\/div>\n\t\t\t\t\t<\/div>\n\t\t<\/div>\n\t\t\t\t\t<\/div>\n\t\t<\/section>\n\t\t\t\t<section class=\"elementor-section elementor-top-section elementor-element elementor-element-f4aaf3d elementor-section-boxed elementor-section-height-default elementor-section-height-default\" data-id=\"f4aaf3d\" data-element_type=\"section\" data-e-type=\"section\">\n\t\t\t\t\t\t<div class=\"elementor-container elementor-column-gap-default\">\n\t\t\t\t\t<div class=\"elementor-column elementor-col-100 elementor-top-column elementor-element elementor-element-314a2fc\" data-id=\"314a2fc\" data-element_type=\"column\" data-e-type=\"column\">\n\t\t\t<div class=\"elementor-widget-wrap elementor-element-populated\">\n\t\t\t\t\t\t<div class=\"elementor-element elementor-element-99c684b elementor-widget elementor-widget-image\" data-id=\"99c684b\" data-element_type=\"widget\" data-e-type=\"widget\" data-widget_type=\"image.default\">\n\t\t\t\t<div class=\"elementor-widget-container\">\n\t\t\t\t\t\t\t\t\t\t\t\t<figure class=\"wp-caption\">\n\t\t\t\t\t\t\t\t\t\t\t<a href=\"https:\/\/www.aesexpositores.com.br\/\" rel=\"nofollow noopener\" target=\"_blank\">\n\t\t\t\t\t\t\t<img loading=\"lazy\" decoding=\"async\" width=\"800\" height=\"438\" src=\"https:\/\/tiagolopes.com.br\/blog\/wp-content\/uploads\/2022\/12\/tiago-lopes-rua-sao-caetano-manequins18-e1674074545202-1024x560.png\" class=\"attachment-large size-large wp-image-8875\" alt=\"rua dos manequins\" srcset=\"https:\/\/tiagolopes.com.br\/blog\/wp-content\/uploads\/2022\/12\/tiago-lopes-rua-sao-caetano-manequins18-e1674074545202-1024x560.png 1024w, https:\/\/tiagolopes.com.br\/blog\/wp-content\/uploads\/2022\/12\/tiago-lopes-rua-sao-caetano-manequins18-e1674074545202-300x164.png 300w, https:\/\/tiagolopes.com.br\/blog\/wp-content\/uploads\/2022\/12\/tiago-lopes-rua-sao-caetano-manequins18-e1674074545202-768x420.png 768w, https:\/\/tiagolopes.com.br\/blog\/wp-content\/uploads\/2022\/12\/tiago-lopes-rua-sao-caetano-manequins18-e1674074545202.png 1251w\" sizes=\"(max-width: 800px) 100vw, 800px\" title=\"\">\t\t\t\t\t\t\t\t<\/a>\n\t\t\t\t\t\t\t\t\t\t\t<figcaption class=\"widget-image-caption wp-caption-text\">Foto: Variedade de Manequins e acess\u00f3rios para sua loja.<\/figcaption>\n\t\t\t\t\t\t\t\t\t\t<\/figure>\n\t\t\t\t\t\t\t\t\t<\/div>\n\t\t\t\t<\/div>\n\t\t\t\t\t<\/div>\n\t\t<\/div>\n\t\t\t\t\t<\/div>\n\t\t<\/section>\n\t\t\t\t<section class=\"elementor-section elementor-top-section elementor-element elementor-element-77cd37b elementor-section-boxed elementor-section-height-default elementor-section-height-default\" data-id=\"77cd37b\" data-element_type=\"section\" data-e-type=\"section\">\n\t\t\t\t\t\t<div class=\"elementor-container elementor-column-gap-default\">\n\t\t\t\t\t<div class=\"elementor-column elementor-col-100 elementor-top-column elementor-element elementor-element-2f07f22\" data-id=\"2f07f22\" data-element_type=\"column\" data-e-type=\"column\">\n\t\t\t<div class=\"elementor-widget-wrap elementor-element-populated\">\n\t\t\t\t\t\t<div class=\"elementor-element elementor-element-6070e83 elementor-widget elementor-widget-text-editor\" data-id=\"6070e83\" data-element_type=\"widget\" data-e-type=\"widget\" data-widget_type=\"text-editor.default\">\n\t\t\t\t<div class=\"elementor-widget-container\">\n\t\t\t\t\t\t\t\t\t<h3>Manequim Fantasma<\/h3><p>A <a href=\"http:\/\/manequinsfibrasil.com.br\/\" target=\"_blank\" rel=\"noopener\">Manequins Fibrasil<\/a> \u00e9 o \u00fanico fabricante do manequim fantasma do Brasil.<\/p><p>O manequim \u00e9 totalmente desmont\u00e1vel e voc\u00ea pode colocar o <strong>manequim em qualquer posi\u00e7\u00e3o<\/strong>: em p\u00e9, sentado, fazendo yoga, surfando\u2026\u00a0<\/p><p>Eles tamb\u00e9m vendem <strong>manequim sob encomenda<\/strong>: achei sensacional um manequim amarelo da Johnnie Walker.<\/p><p>Uma ala inteira de <strong>cabe\u00e7as personalizadas<\/strong> com cores, rostos e materiais diferentes como uma cabe\u00e7a de ferro aramado, fibra com cara de madeira ou ainda um aveludado gostosinho.<\/p><p>A loja \u00e9 a <a href=\"http:\/\/manequinsfibrasil.com.br\/\" target=\"_blank\" rel=\"noopener\">Fibarsil Manequins<\/a>, vem aqui e fala com a Joice na S\u00e3o Caetano, 625.<\/p>\t\t\t\t\t\t\t\t<\/div>\n\t\t\t\t<\/div>\n\t\t\t\t\t<\/div>\n\t\t<\/div>\n\t\t\t\t\t<\/div>\n\t\t<\/section>\n\t\t\t\t<section class=\"elementor-section elementor-top-section elementor-element elementor-element-4612a2b elementor-section-boxed elementor-section-height-default elementor-section-height-default\" data-id=\"4612a2b\" data-element_type=\"section\" data-e-type=\"section\">\n\t\t\t\t\t\t<div class=\"elementor-container elementor-column-gap-default\">\n\t\t\t\t\t<div class=\"elementor-column elementor-col-100 elementor-top-column elementor-element elementor-element-7d64c48\" data-id=\"7d64c48\" data-element_type=\"column\" data-e-type=\"column\">\n\t\t\t<div class=\"elementor-widget-wrap elementor-element-populated\">\n\t\t\t\t\t\t<div class=\"elementor-element elementor-element-302f4df elementor-widget elementor-widget-image\" data-id=\"302f4df\" data-element_type=\"widget\" data-e-type=\"widget\" data-widget_type=\"image.default\">\n\t\t\t\t<div class=\"elementor-widget-container\">\n\t\t\t\t\t\t\t\t\t\t\t\t<figure class=\"wp-caption\">\n\t\t\t\t\t\t\t\t\t\t\t<a href=\"http:\/\/manequinsfibrasil.com.br\/\" target=\"_blank\" rel=\"nofollow noopener\">\n\t\t\t\t\t\t\t<img loading=\"lazy\" decoding=\"async\" width=\"800\" height=\"428\" src=\"https:\/\/tiagolopes.com.br\/blog\/wp-content\/uploads\/2022\/12\/tiago-lopes-rua-sao-caetano-manequins22-e1674075692329-1024x548.png\" class=\"attachment-large size-large wp-image-8879\" alt=\"rua dos manequins\" srcset=\"https:\/\/tiagolopes.com.br\/blog\/wp-content\/uploads\/2022\/12\/tiago-lopes-rua-sao-caetano-manequins22-e1674075692329-1024x548.png 1024w, https:\/\/tiagolopes.com.br\/blog\/wp-content\/uploads\/2022\/12\/tiago-lopes-rua-sao-caetano-manequins22-e1674075692329-300x161.png 300w, https:\/\/tiagolopes.com.br\/blog\/wp-content\/uploads\/2022\/12\/tiago-lopes-rua-sao-caetano-manequins22-e1674075692329-768x411.png 768w, https:\/\/tiagolopes.com.br\/blog\/wp-content\/uploads\/2022\/12\/tiago-lopes-rua-sao-caetano-manequins22-e1674075692329.png 1267w\" sizes=\"(max-width: 800px) 100vw, 800px\" title=\"\">\t\t\t\t\t\t\t\t<\/a>\n\t\t\t\t\t\t\t\t\t\t\t<figcaption class=\"widget-image-caption wp-caption-text\">Foto: Tiago Lopes e Joice na Fibrasil<\/figcaption>\n\t\t\t\t\t\t\t\t\t\t<\/figure>\n\t\t\t\t\t\t\t\t\t<\/div>\n\t\t\t\t<\/div>\n\t\t\t\t\t<\/div>\n\t\t<\/div>\n\t\t\t\t\t<\/div>\n\t\t<\/section>\n\t\t\t\t<section class=\"elementor-section elementor-top-section elementor-element elementor-element-2501349 elementor-section-boxed elementor-section-height-default elementor-section-height-default\" data-id=\"2501349\" data-element_type=\"section\" data-e-type=\"section\">\n\t\t\t\t\t\t<div class=\"elementor-container elementor-column-gap-default\">\n\t\t\t\t\t<div class=\"elementor-column elementor-col-100 elementor-top-column elementor-element elementor-element-045e10c\" data-id=\"045e10c\" data-element_type=\"column\" data-e-type=\"column\">\n\t\t\t<div class=\"elementor-widget-wrap elementor-element-populated\">\n\t\t\t\t\t\t<div class=\"elementor-element elementor-element-d6e289f elementor-widget elementor-widget-text-editor\" data-id=\"d6e289f\" data-element_type=\"widget\" data-e-type=\"widget\" data-widget_type=\"text-editor.default\">\n\t\t\t\t<div class=\"elementor-widget-container\">\n\t\t\t\t\t\t\t\t\t<h2>Como chegar na Rua dos Manequins<\/h2><p>A Rua S\u00e3o Caetano \u00e9 tamb\u00e9m conhecida como <a href=\"https:\/\/tiagolopes.com.br\/blog\/rua-das-noivas\/\" target=\"_blank\" rel=\"noopener\">rua das noivas<\/a>, mas l\u00e1 perto Avenida do Estado, pertinho da Rua Oriente voc\u00ea j\u00e1 encontra a parte da Rua S\u00e3o Caetano onde voc\u00ea pode comprar manequins para sua loja.<\/p><p><span style=\"font-weight: 400;\">S\u00e3o s\u00f3 esses dois primeiros quarteir\u00f5es. Cuidado com o tr\u00e2nsito intenso de ve\u00edculos e atravesse na faixa de pedestres. Voc\u00ea vai precisar de paci\u00eancia!\u00a0<\/span><\/p>\t\t\t\t\t\t\t\t<\/div>\n\t\t\t\t<\/div>\n\t\t\t\t\t<\/div>\n\t\t<\/div>\n\t\t\t\t\t<\/div>\n\t\t<\/section>\n\t\t\t\t<section class=\"elementor-section elementor-top-section elementor-element elementor-element-4cc4449 elementor-section-boxed elementor-section-height-default elementor-section-height-default\" data-id=\"4cc4449\" data-element_type=\"section\" data-e-type=\"section\">\n\t\t\t\t\t\t<div class=\"elementor-container elementor-column-gap-default\">\n\t\t\t\t\t<div class=\"elementor-column elementor-col-100 elementor-top-column elementor-element elementor-element-e935b99\" data-id=\"e935b99\" data-element_type=\"column\" data-e-type=\"column\">\n\t\t\t<div class=\"elementor-widget-wrap elementor-element-populated\">\n\t\t\t\t\t\t<div class=\"elementor-element elementor-element-ddfa6c5 elementor-widget elementor-widget-image\" data-id=\"ddfa6c5\" data-element_type=\"widget\" data-e-type=\"widget\" data-widget_type=\"image.default\">\n\t\t\t\t<div class=\"elementor-widget-container\">\n\t\t\t\t\t\t\t\t\t\t\t\t<figure class=\"wp-caption\">\n\t\t\t\t\t\t\t\t\t\t\t<a href=\"https:\/\/goo.gl\/maps\/y4ZcSST61JgefJZd8\" target=\"_blank\" rel=\"noopener\">\n\t\t\t\t\t\t\t<img loading=\"lazy\" decoding=\"async\" width=\"800\" height=\"666\" src=\"https:\/\/tiagolopes.com.br\/blog\/wp-content\/uploads\/2022\/12\/tiago-lopes-rua-sao-caetano-1024x853.jpg\" class=\"attachment-large size-large wp-image-8885\" alt=\"rua sao caetano\" srcset=\"https:\/\/tiagolopes.com.br\/blog\/wp-content\/uploads\/2022\/12\/tiago-lopes-rua-sao-caetano-1024x853.jpg 1024w, https:\/\/tiagolopes.com.br\/blog\/wp-content\/uploads\/2022\/12\/tiago-lopes-rua-sao-caetano-300x250.jpg 300w, https:\/\/tiagolopes.com.br\/blog\/wp-content\/uploads\/2022\/12\/tiago-lopes-rua-sao-caetano-768x640.jpg 768w, https:\/\/tiagolopes.com.br\/blog\/wp-content\/uploads\/2022\/12\/tiago-lopes-rua-sao-caetano-1536x1280.jpg 1536w, https:\/\/tiagolopes.com.br\/blog\/wp-content\/uploads\/2022\/12\/tiago-lopes-rua-sao-caetano-2048x1707.jpg 2048w\" sizes=\"(max-width: 800px) 100vw, 800px\" title=\"\">\t\t\t\t\t\t\t\t<\/a>\n\t\t\t\t\t\t\t\t\t\t\t<figcaption class=\"widget-image-caption wp-caption-text\">Foto: Google Maps Rua S\u00e3o Caetano<\/figcaption>\n\t\t\t\t\t\t\t\t\t\t<\/figure>\n\t\t\t\t\t\t\t\t\t<\/div>\n\t\t\t\t<\/div>\n\t\t\t\t\t<\/div>\n\t\t<\/div>\n\t\t\t\t\t<\/div>\n\t\t<\/section>\n\t\t\t\t<section class=\"elementor-section elementor-top-section elementor-element elementor-element-9e572ed elementor-section-boxed elementor-section-height-default elementor-section-height-default\" data-id=\"9e572ed\" data-element_type=\"section\" data-e-type=\"section\">\n\t\t\t\t\t\t<div class=\"elementor-container elementor-column-gap-default\">\n\t\t\t\t\t<div class=\"elementor-column elementor-col-100 elementor-top-column elementor-element elementor-element-d25fe74\" data-id=\"d25fe74\" data-element_type=\"column\" data-e-type=\"column\">\n\t\t\t<div class=\"elementor-widget-wrap elementor-element-populated\">\n\t\t\t\t\t\t<div class=\"elementor-element elementor-element-6953fe4 elementor-widget elementor-widget-text-editor\" data-id=\"6953fe4\" data-element_type=\"widget\" data-e-type=\"widget\" data-widget_type=\"text-editor.default\">\n\t\t\t\t<div class=\"elementor-widget-container\">\n\t\t\t\t\t\t\t\t\t<h2>Veja o video completo no Youtube:<\/h2>\t\t\t\t\t\t\t\t<\/div>\n\t\t\t\t<\/div>\n\t\t\t\t\t<\/div>\n\t\t<\/div>\n\t\t\t\t\t<\/div>\n\t\t<\/section>\n\t\t\t\t<section class=\"elementor-section elementor-top-section elementor-element elementor-element-7e021dc elementor-section-boxed elementor-section-height-default elementor-section-height-default\" data-id=\"7e021dc\" data-element_type=\"section\" data-e-type=\"section\">\n\t\t\t\t\t\t<div class=\"elementor-container elementor-column-gap-default\">\n\t\t\t\t\t<div class=\"elementor-column elementor-col-100 elementor-top-column elementor-element elementor-element-249baff\" data-id=\"249baff\" data-element_type=\"column\" data-e-type=\"column\">\n\t\t\t<div class=\"elementor-widget-wrap elementor-element-populated\">\n\t\t\t\t\t\t<div class=\"elementor-element elementor-element-14ef307 elementor-widget elementor-widget-video\" data-id=\"14ef307\" data-element_type=\"widget\" data-e-type=\"widget\" data-settings=\"{&quot;youtube_url&quot;:&quot;https:\\\/\\\/www.youtube.com\\\/watch?v=2ikjeBnWLII&amp;t=1s&quot;,&quot;video_type&quot;:&quot;youtube&quot;,&quot;controls&quot;:&quot;yes&quot;}\" data-widget_type=\"video.default\">\n\t\t\t\t<div class=\"elementor-widget-container\">\n\t\t\t\t\t\t\t<div class=\"elementor-wrapper elementor-open-inline\">\n\t\t\t<div class=\"elementor-video\"><\/div>\t\t<\/div>\n\t\t\t\t\t\t<\/div>\n\t\t\t\t<\/div>\n\t\t\t\t\t<\/div>\n\t\t<\/div>\n\t\t\t\t\t<\/div>\n\t\t<\/section>\n\t\t\t\t<section class=\"elementor-section elementor-top-section elementor-element elementor-element-71824b3 elementor-section-boxed elementor-section-height-default elementor-section-height-default\" data-id=\"71824b3\" data-element_type=\"section\" data-e-type=\"section\">\n\t\t\t\t\t\t<div class=\"elementor-container elementor-column-gap-default\">\n\t\t\t\t\t<div class=\"elementor-column elementor-col-100 elementor-top-column elementor-element elementor-element-de92e4a\" data-id=\"de92e4a\" data-element_type=\"column\" data-e-type=\"column\">\n\t\t\t<div class=\"elementor-widget-wrap elementor-element-populated\">\n\t\t\t\t\t\t<div class=\"elementor-element elementor-element-aa21018 elementor-widget elementor-widget-text-editor\" data-id=\"aa21018\" data-element_type=\"widget\" data-e-type=\"widget\" data-widget_type=\"text-editor.default\">\n\t\t\t\t<div class=\"elementor-widget-container\">\n\t\t\t\t\t\t\t\t\t<p>Agora voc\u00ea j\u00e1 sabe onde comprar manequins em S\u00e3o Paulo navegue no conte\u00fado de outras ruas da cidade de S\u00e3o Paulo como a <a href=\"https:\/\/tiagolopes.com.br\/blog\/rua-bresser\/\">Rua do Pano<\/a> tamb\u00e9m!<\/p>\n<h4>Quer ver sua loja em alguma de nossas postagens? Mande um email para\u00a0<a href=\"mailto:tiago@tiagolopes.com.br\">tiago@tiagolopes.com.br<\/a><\/h4>\n<p>Vamos come\u00e7ar tudo de novo!<\/p>\t\t\t\t\t\t\t\t<\/div>\n\t\t\t\t<\/div>\n\t\t\t\t\t<\/div>\n\t\t<\/div>\n\t\t\t\t\t<\/div>\n\t\t<\/section>\n\t\t\t\t<\/div>\n\t\t","protected":false},"excerpt":{"rendered":"<p>Rua S\u00e3o Caetano, rua dos MANEQUINS em S\u00e3o Paulo Sabia que em S\u00e3o Paulo, na Rua S\u00e3o Caetano, voc\u00ea pode comprar manequins para loja?\u00a0 Tem manequim feitos com v\u00e1rios materiais e diferentes modelos de corpos, mas se voc\u00ea precisa de um manequim com desenho especial, tem tamb\u00e9m. Voc\u00ea pode encontrar muitos tipos de manequim para [&hellip;]<\/p>\n","protected":false},"author":2,"featured_media":8863,"comment_status":"open","ping_status":"open","sticky":false,"template":"","format":"standard","meta":{"_acf_changed":false,"footnotes":""},"categories":[177],"tags":[161,162,119,8],"class_list":["post-8857","post","type-post","status-publish","format-standard","has-post-thumbnail","hentry","category-ruas-sp","tag-rua-sao-caetano","tag-rua-sao-caetano-manequins","tag-ruas-sp","tag-sao-paulo"],"acf":[],"_links":{"self":[{"href":"https:\/\/tiagolopes.com.br\/blog\/wp-json\/wp\/v2\/posts\/8857","targetHints":{"allow":["GET"]}}],"collection":[{"href":"https:\/\/tiagolopes.com.br\/blog\/wp-json\/wp\/v2\/posts"}],"about":[{"href":"https:\/\/tiagolopes.com.br\/blog\/wp-json\/wp\/v2\/types\/post"}],"author":[{"embeddable":true,"href":"https:\/\/tiagolopes.com.br\/blog\/wp-json\/wp\/v2\/users\/2"}],"replies":[{"embeddable":true,"href":"https:\/\/tiagolopes.com.br\/blog\/wp-json\/wp\/v2\/comments?post=8857"}],"version-history":[{"count":0,"href":"https:\/\/tiagolopes.com.br\/blog\/wp-json\/wp\/v2\/posts\/8857\/revisions"}],"wp:featuredmedia":[{"embeddable":true,"href":"https:\/\/tiagolopes.com.br\/blog\/wp-json\/wp\/v2\/media\/8863"}],"wp:attachment":[{"href":"https:\/\/tiagolopes.com.br\/blog\/wp-json\/wp\/v2\/media?parent=8857"}],"wp:term":[{"taxonomy":"category","embeddable":true,"href":"https:\/\/tiagolopes.com.br\/blog\/wp-json\/wp\/v2\/categories?post=8857"},{"taxonomy":"post_tag","embeddable":true,"href":"https:\/\/tiagolopes.com.br\/blog\/wp-json\/wp\/v2\/tags?post=8857"}],"curies":[{"name":"wp","href":"https:\/\/api.w.org\/{rel}","templated":true}]}}